{"id":1568,"date":"2024-06-05T19:59:11","date_gmt":"2024-06-05T19:59:11","guid":{"rendered":"https:\/\/waldorfisolda.edu.co\/?p=1568"},"modified":"2024-07-29T19:40:29","modified_gmt":"2024-07-29T19:40:29","slug":"extracurriculares-segundo-semestre-2024","status":"publish","type":"post","link":"https:\/\/waldorfisolda.edu.co\/en\/noticias\/extracurriculares-segundo-semestre-2024\/","title":{"rendered":"Extracurriculares segundo semestre 2024"},"content":{"rendered":"<div data-elementor-type=\"wp-post\" data-elementor-id=\"1568\" class=\"elementor elementor-1568\" data-elementor-post-type=\"post\">\n\t\t\t\t<div class=\"elementor-element elementor-element-4bd5e20f e-flex e-con-boxed e-con e-parent\" data-id=\"4bd5e20f\" data-element_type=\"container\" data-e-type=\"container\">\n\t\t\t\t\t<div class=\"e-con-inner\">\n\t\t<div class=\"elementor-element elementor-element-e33e4b4 e-con-full e-flex e-con e-child\" data-id=\"e33e4b4\" data-element_type=\"container\" data-e-type=\"container\">\n\t\t<div class=\"elementor-element elementor-element-1fd7a92e e-con-full e-flex e-con e-child\" data-id=\"1fd7a92e\" data-element_type=\"container\" data-e-type=\"container\">\n\t\t\t\t<div class=\"elementor-element elementor-element-6ff1b2d0 elementor-widget elementor-widget-image\" data-id=\"6ff1b2d0\" data-element_type=\"widget\" data-e-type=\"widget\" data-widget_type=\"image.default\">\n\t\t\t\t\t\t\t\t\t\t\t\t\t\t\t<img fetchpriority=\"high\" decoding=\"async\" width=\"800\" height=\"534\" src=\"https:\/\/waldorfisolda.edu.co\/wp-content\/uploads\/2024\/04\/4-1024x683.webp\" class=\"attachment-large size-large wp-image-961\" alt=\"\" srcset=\"https:\/\/waldorfisolda.edu.co\/wp-content\/uploads\/2024\/04\/4-1024x683.webp 1024w, https:\/\/waldorfisolda.edu.co\/wp-content\/uploads\/2024\/04\/4-300x200.webp 300w, https:\/\/waldorfisolda.edu.co\/wp-content\/uploads\/2024\/04\/4-768x513.webp 768w, https:\/\/waldorfisolda.edu.co\/wp-content\/uploads\/2024\/04\/4-1536x1025.webp 1536w, https:\/\/waldorfisolda.edu.co\/wp-content\/uploads\/2024\/04\/4-2048x1367.webp 2048w\" sizes=\"(max-width: 800px) 100vw, 800px\" \/>\t\t\t\t\t\t\t\t\t\t\t\t\t\t\t<\/div>\n\t\t\t\t<div class=\"elementor-element elementor-element-2fc8ebb4 elementor-widget elementor-widget-image\" data-id=\"2fc8ebb4\" data-element_type=\"widget\" data-e-type=\"widget\" data-widget_type=\"image.default\">\n\t\t\t\t\t\t\t\t\t\t\t\t\t\t\t<img decoding=\"async\" width=\"800\" height=\"534\" src=\"https:\/\/waldorfisolda.edu.co\/wp-content\/uploads\/2024\/05\/Vacaciones-recreativas-1024x683.webp\" class=\"attachment-large size-large wp-image-1407\" alt=\"\" srcset=\"https:\/\/waldorfisolda.edu.co\/wp-content\/uploads\/2024\/05\/Vacaciones-recreativas-1024x683.webp 1024w, https:\/\/waldorfisolda.edu.co\/wp-content\/uploads\/2024\/05\/Vacaciones-recreativas-300x200.webp 300w, https:\/\/waldorfisolda.edu.co\/wp-content\/uploads\/2024\/05\/Vacaciones-recreativas-768x512.webp 768w, https:\/\/waldorfisolda.edu.co\/wp-content\/uploads\/2024\/05\/Vacaciones-recreativas-1536x1024.webp 1536w, https:\/\/waldorfisolda.edu.co\/wp-content\/uploads\/2024\/05\/Vacaciones-recreativas-2048x1365.webp 2048w\" sizes=\"(max-width: 800px) 100vw, 800px\" \/>\t\t\t\t\t\t\t\t\t\t\t\t\t\t\t<\/div>\n\t\t\t\t<\/div>\n\t\t<div class=\"elementor-element elementor-element-522abbd9 e-con-full e-flex e-con e-child\" data-id=\"522abbd9\" data-element_type=\"container\" data-e-type=\"container\">\n\t\t\t\t<div class=\"elementor-element elementor-element-1fce2db5 elementor-widget elementor-widget-image\" data-id=\"1fce2db5\" data-element_type=\"widget\" data-e-type=\"widget\" data-widget_type=\"image.default\">\n\t\t\t\t\t\t\t\t\t\t\t\t\t\t\t<img decoding=\"async\" width=\"800\" height=\"534\" src=\"https:\/\/waldorfisolda.edu.co\/wp-content\/uploads\/2024\/05\/Extension-Cultural-CWIE-1-1-1024x683.webp\" class=\"attachment-large size-large wp-image-1404\" alt=\"\" srcset=\"https:\/\/waldorfisolda.edu.co\/wp-content\/uploads\/2024\/05\/Extension-Cultural-CWIE-1-1-1024x683.webp 1024w, https:\/\/waldorfisolda.edu.co\/wp-content\/uploads\/2024\/05\/Extension-Cultural-CWIE-1-1-300x200.webp 300w, https:\/\/waldorfisolda.edu.co\/wp-content\/uploads\/2024\/05\/Extension-Cultural-CWIE-1-1-768x512.webp 768w, https:\/\/waldorfisolda.edu.co\/wp-content\/uploads\/2024\/05\/Extension-Cultural-CWIE-1-1-1536x1024.webp 1536w, https:\/\/waldorfisolda.edu.co\/wp-content\/uploads\/2024\/05\/Extension-Cultural-CWIE-1-1-2048x1365.webp 2048w\" sizes=\"(max-width: 800px) 100vw, 800px\" \/>\t\t\t\t\t\t\t\t\t\t\t\t\t\t\t<\/div>\n\t\t\t\t<div class=\"elementor-element elementor-element-49c2ac27 elementor-widget elementor-widget-image\" data-id=\"49c2ac27\" data-element_type=\"widget\" data-e-type=\"widget\" data-widget_type=\"image.default\">\n\t\t\t\t\t\t\t\t\t\t\t\t\t\t\t<img loading=\"lazy\" decoding=\"async\" width=\"800\" height=\"534\" src=\"https:\/\/waldorfisolda.edu.co\/wp-content\/uploads\/2024\/04\/15-1-1024x683.webp\" class=\"attachment-large size-large wp-image-1198\" alt=\"\" srcset=\"https:\/\/waldorfisolda.edu.co\/wp-content\/uploads\/2024\/04\/15-1-1024x683.webp 1024w, https:\/\/waldorfisolda.edu.co\/wp-content\/uploads\/2024\/04\/15-1-300x200.webp 300w, https:\/\/waldorfisolda.edu.co\/wp-content\/uploads\/2024\/04\/15-1-768x512.webp 768w, https:\/\/waldorfisolda.edu.co\/wp-content\/uploads\/2024\/04\/15-1-1536x1024.webp 1536w, https:\/\/waldorfisolda.edu.co\/wp-content\/uploads\/2024\/04\/15-1-2048x1365.webp 2048w\" sizes=\"(max-width: 800px) 100vw, 800px\" \/>\t\t\t\t\t\t\t\t\t\t\t\t\t\t\t<\/div>\n\t\t\t\t<\/div>\n\t\t\t\t<\/div>\n\t\t<div class=\"elementor-element elementor-element-46eeeeb2 e-con-full e-flex e-con e-child\" data-id=\"46eeeeb2\" data-element_type=\"container\" data-e-type=\"container\">\n\t\t\t\t<div class=\"elementor-element elementor-element-207c1391 elementor-widget elementor-widget-heading\" data-id=\"207c1391\" data-element_type=\"widget\" data-e-type=\"widget\" data-widget_type=\"heading.default\">\n\t\t\t\t\t<h1 class=\"elementor-heading-title elementor-size-default\">Inscripciones cursos  extracurriculares segundo semestre 2024 <\/h1>\t\t\t\t<\/div>\n\t\t\t\t<div class=\"elementor-element elementor-element-2fac477b elementor-widget elementor-widget-text-editor\" data-id=\"2fac477b\" data-element_type=\"widget\" data-e-type=\"widget\" data-widget_type=\"text-editor.default\">\n\t\t\t\t\t\t\t\t\t<p>El Colegio Waldorf Isolda Echavarr\u00eda reconoce la importancia del uso adecuado del ocio y tiempo libre para el desarrollo integral de las personas. En respuesta al deterioro social actual, el colegio busca implementar planes y proyectos que promuevan el uso saludable del tiempo libre, mejorando as\u00ed los estados emocionales y cognitivos de los individuos y fomentando nuevas interacciones sociales.<\/p>\t\t\t\t\t\t\t\t<\/div>\n\t\t\t\t<div class=\"elementor-element elementor-element-3ad778d0 elementor-invisible elementor-widget elementor-widget-button\" data-id=\"3ad778d0\" data-element_type=\"widget\" data-e-type=\"widget\" data-settings=\"{&quot;_animation&quot;:&quot;fadeInDown&quot;}\" data-widget_type=\"button.default\">\n\t\t\t\t\t\t\t\t\t\t<a class=\"elementor-button elementor-button-link elementor-size-sm\" href=\"https:\/\/docs.google.com\/forms\/d\/e\/1FAIpQLSfOfdL6sVjy1K06mYKB3HGe3mplcp3qV6BUfxqCXiSZ5GyXow\/viewform?usp=sf_link\" target=\"_blank\" rel=\"noopener\">\n\t\t\t\t\t\t<span class=\"elementor-button-content-wrapper\">\n\t\t\t\t\t\t\t\t\t<span class=\"elementor-button-text\">Inscribirme<\/span>\n\t\t\t\t\t<\/span>\n\t\t\t\t\t<\/a>\n\t\t\t\t\t\t\t\t<\/div>\n\t\t\t\t<\/div>\n\t\t\t\t\t<\/div>\n\t\t\t\t<\/div>\n\t\t<div class=\"elementor-element elementor-element-bbbbaa9 e-con-full e-flex e-con e-parent\" data-id=\"bbbbaa9\" data-element_type=\"container\" data-e-type=\"container\" data-settings=\"{&quot;background_background&quot;:&quot;gradient&quot;}\">\n\t\t<div class=\"elementor-element elementor-element-12639532 e-con-full e-flex e-con e-child\" data-id=\"12639532\" data-element_type=\"container\" data-e-type=\"container\">\n\t\t\t\t<div class=\"elementor-element elementor-element-6674548d elementor-widget-divider--view-line elementor-invisible elementor-widget elementor-widget-divider\" data-id=\"6674548d\" data-element_type=\"widget\" data-e-type=\"widget\" data-settings=\"{&quot;_animation&quot;:&quot;fadeInLeft&quot;}\" data-widget_type=\"divider.default\">\n\t\t\t\t\t\t\t<div class=\"elementor-divider\">\n\t\t\t<span class=\"elementor-divider-separator\">\n\t\t\t\t\t\t<\/span>\n\t\t<\/div>\n\t\t\t\t\t\t<\/div>\n\t\t\t\t<div class=\"elementor-element elementor-element-458e557e elementor-widget-tablet__width-inherit elementor-widget elementor-widget-heading\" data-id=\"458e557e\" data-element_type=\"widget\" data-e-type=\"widget\" data-widget_type=\"heading.default\">\n\t\t\t\t\t<h2 class=\"elementor-heading-title elementor-size-default\">Calendario <\/h2>\t\t\t\t<\/div>\n\t\t\t\t<div class=\"elementor-element elementor-element-36f2fa64 elementor-widget elementor-widget-icon-box\" data-id=\"36f2fa64\" data-element_type=\"widget\" data-e-type=\"widget\" data-settings=\"{&quot;_animation&quot;:&quot;none&quot;}\" data-widget_type=\"icon-box.default\">\n\t\t\t\t\t\t\t<div class=\"elementor-icon-box-wrapper\">\n\n\t\t\t\n\t\t\t\t\t\t<div class=\"elementor-icon-box-content\">\n\n\t\t\t\t\n\t\t\t\t\t\t\t\t\t<p class=\"elementor-icon-box-description\">\n\t\t\t\t\t\t<b>Inicio de matriculas:<\/b> Lunes 24 de junio de 2024\t\t\t\t\t<\/p>\n\t\t\t\t\n\t\t\t<\/div>\n\t\t\t\n\t\t<\/div>\n\t\t\t\t\t\t<\/div>\n\t\t\t\t<\/div>\n\t\t<div class=\"elementor-element elementor-element-2434d1a9 e-con-full e-flex e-con e-child\" data-id=\"2434d1a9\" data-element_type=\"container\" data-e-type=\"container\">\n\t\t<div class=\"elementor-element elementor-element-178e4882 e-con-full e-flex e-con e-child\" data-id=\"178e4882\" data-element_type=\"container\" data-e-type=\"container\">\n\t\t\t\t<div class=\"elementor-element elementor-element-19a2d91a elementor-flip-box--effect-fade elementor-widget elementor-widget-flip-box\" data-id=\"19a2d91a\" data-element_type=\"widget\" data-e-type=\"widget\" data-widget_type=\"flip-box.default\">\n\t\t\t\t\t\t\t<div class=\"elementor-flip-box\" tabindex=\"0\">\n\t\t\t<div class=\"elementor-flip-box__layer elementor-flip-box__front\">\n\t\t\t\t<div class=\"elementor-flip-box__layer__overlay\">\n\t\t\t\t\t<div class=\"elementor-flip-box__layer__inner\">\n\t\t\t\t\t\t\n\t\t\t\t\t\t\t\t\t\t\t\t\t<h3 class=\"elementor-flip-box__layer__title\">\n\t\t\t\t\t\t\t\tFECHA DE TERMINACI\u00d3N DE MATR\u00cdCULAS\t\t\t\t\t\t\t<\/h3>\n\t\t\t\t\t\t\n\t\t\t\t\t\t\t\t\t\t\t\t\t<div class=\"elementor-flip-box__layer__description\">\n\t\t\t\t\t\t\t\tDomingo 04 de agosto de 2024\t\t\t\t\t\t\t<\/div>\n\t\t\t\t\t\t\t\t\t\t\t<\/div>\n\t\t\t\t<\/div>\n\t\t\t<\/div>\n\t\t\t<div class=\"elementor-flip-box__layer elementor-flip-box__back\">\n\t\t\t<div class=\"elementor-flip-box__layer__overlay\">\n\t\t\t\t<div class=\"elementor-flip-box__layer__inner\">\n\t\t\t\t\t\n\t\t\t\t\t\n\t\t\t\t\t\t\t\t<\/div>\n\t\t<\/div>\n\t\t<\/div>\n\t\t<\/div>\n\t\t\t\t\t\t<\/div>\n\t\t\t\t<\/div>\n\t\t<div class=\"elementor-element elementor-element-3b9fb8a7 e-con-full e-flex e-con e-child\" data-id=\"3b9fb8a7\" data-element_type=\"container\" data-e-type=\"container\">\n\t\t\t\t<div class=\"elementor-element elementor-element-3cd21249 elementor-flip-box--effect-fade elementor-widget elementor-widget-flip-box\" data-id=\"3cd21249\" data-element_type=\"widget\" data-e-type=\"widget\" data-widget_type=\"flip-box.default\">\n\t\t\t\t\t\t\t<div class=\"elementor-flip-box\" tabindex=\"0\">\n\t\t\t<div class=\"elementor-flip-box__layer elementor-flip-box__front\">\n\t\t\t\t<div class=\"elementor-flip-box__layer__overlay\">\n\t\t\t\t\t<div class=\"elementor-flip-box__layer__inner\">\n\t\t\t\t\t\t\n\t\t\t\t\t\t\t\t\t\t\t\t\t<h3 class=\"elementor-flip-box__layer__title\">\n\t\t\t\t\t\t\t\tFecha de inicio de extracurriculares\t\t\t\t\t\t\t<\/h3>\n\t\t\t\t\t\t\n\t\t\t\t\t\t\t\t\t\t\t\t\t<div class=\"elementor-flip-box__layer__description\">\n\t\t\t\t\t\t\t\tLunes 05 de agosto de 2024\t\t\t\t\t\t\t<\/div>\n\t\t\t\t\t\t\t\t\t\t\t<\/div>\n\t\t\t\t<\/div>\n\t\t\t<\/div>\n\t\t\t<div class=\"elementor-flip-box__layer elementor-flip-box__back\">\n\t\t\t<div class=\"elementor-flip-box__layer__overlay\">\n\t\t\t\t<div class=\"elementor-flip-box__layer__inner\">\n\t\t\t\t\t\n\t\t\t\t\t\n\t\t\t\t\t\t\t\t<\/div>\n\t\t<\/div>\n\t\t<\/div>\n\t\t<\/div>\n\t\t\t\t\t\t<\/div>\n\t\t\t\t<\/div>\n\t\t<div class=\"elementor-element elementor-element-34d7397b e-con-full e-flex e-con e-child\" data-id=\"34d7397b\" data-element_type=\"container\" data-e-type=\"container\">\n\t\t\t\t<div class=\"elementor-element elementor-element-88a8ea4 elementor-flip-box--effect-fade elementor-widget elementor-widget-flip-box\" data-id=\"88a8ea4\" data-element_type=\"widget\" data-e-type=\"widget\" data-widget_type=\"flip-box.default\">\n\t\t\t\t\t\t\t<div class=\"elementor-flip-box\" tabindex=\"0\">\n\t\t\t<div class=\"elementor-flip-box__layer elementor-flip-box__front\">\n\t\t\t\t<div class=\"elementor-flip-box__layer__overlay\">\n\t\t\t\t\t<div class=\"elementor-flip-box__layer__inner\">\n\t\t\t\t\t\t\n\t\t\t\t\t\t\t\t\t\t\t\t\t<h3 class=\"elementor-flip-box__layer__title\">\n\t\t\t\t\t\t\t\tFecha de terminaci\u00f3n de extracurriculares\t\t\t\t\t\t\t<\/h3>\n\t\t\t\t\t\t\n\t\t\t\t\t\t\t\t\t\t\t\t\t<div class=\"elementor-flip-box__layer__description\">\n\t\t\t\t\t\t\t\tMi\u00e9rcoles 13 de noviembre \t\t\t\t\t\t\t<\/div>\n\t\t\t\t\t\t\t\t\t\t\t<\/div>\n\t\t\t\t<\/div>\n\t\t\t<\/div>\n\t\t\t<div class=\"elementor-flip-box__layer elementor-flip-box__back\">\n\t\t\t<div class=\"elementor-flip-box__layer__overlay\">\n\t\t\t\t<div class=\"elementor-flip-box__layer__inner\">\n\t\t\t\t\t\n\t\t\t\t\t\n\t\t\t\t\t\t\t\t<\/div>\n\t\t<\/div>\n\t\t<\/div>\n\t\t<\/div>\n\t\t\t\t\t\t<\/div>\n\t\t\t\t<\/div>\n\t\t<div class=\"elementor-element elementor-element-1d5bede5 e-con-full e-flex e-con e-child\" data-id=\"1d5bede5\" data-element_type=\"container\" data-e-type=\"container\">\n\t\t\t\t<div class=\"elementor-element elementor-element-566b1db9 elementor-flip-box--effect-fade elementor-widget elementor-widget-flip-box\" data-id=\"566b1db9\" data-element_type=\"widget\" data-e-type=\"widget\" data-widget_type=\"flip-box.default\">\n\t\t\t\t\t\t\t<div class=\"elementor-flip-box\" tabindex=\"0\">\n\t\t\t<div class=\"elementor-flip-box__layer elementor-flip-box__front\">\n\t\t\t\t<div class=\"elementor-flip-box__layer__overlay\">\n\t\t\t\t\t<div class=\"elementor-flip-box__layer__inner\">\n\t\t\t\t\t\t\n\t\t\t\t\t\t\t\t\t\t\t\t\t<h3 class=\"elementor-flip-box__layer__title\">\n\t\t\t\t\t\t\t\tFecha de presentaci\u00f3n de cada taller\t\t\t\t\t\t\t<\/h3>\n\t\t\t\t\t\t\n\t\t\t\t\t\t\t\t\t\t\t\t\t<div class=\"elementor-flip-box__layer__description\">\n\t\t\t\t\t\t\t\tMi\u00e9rcoles 13 de noviembre\t\t\t\t\t\t\t<\/div>\n\t\t\t\t\t\t\t\t\t\t\t<\/div>\n\t\t\t\t<\/div>\n\t\t\t<\/div>\n\t\t\t<div class=\"elementor-flip-box__layer elementor-flip-box__back\">\n\t\t\t<div class=\"elementor-flip-box__layer__overlay\">\n\t\t\t\t<div class=\"elementor-flip-box__layer__inner\">\n\t\t\t\t\t\n\t\t\t\t\t\n\t\t\t\t\t\t\t\t<\/div>\n\t\t<\/div>\n\t\t<\/div>\n\t\t<\/div>\n\t\t\t\t\t\t<\/div>\n\t\t\t\t<\/div>\n\t\t\t\t<\/div>\n\t\t\t\t<\/div>\n\t\t<footer class=\"elementor-element elementor-element-6cdf5447 e-flex e-con-boxed e-con e-parent\" data-id=\"6cdf5447\" data-element_type=\"container\" data-e-type=\"container\" data-settings=\"{&quot;background_background&quot;:&quot;classic&quot;}\">\n\t\t\t\t\t<div class=\"e-con-inner\">\n\t\t\t\t<div class=\"elementor-element elementor-element-36821c3 elementor-widget elementor-widget-heading\" data-id=\"36821c3\" data-element_type=\"widget\" data-e-type=\"widget\" data-widget_type=\"heading.default\">\n\t\t\t\t\t<p class=\"elementor-heading-title elementor-size-default\">Isolda Echavarr\u00eda Waldorf School<\/p>\t\t\t\t<\/div>\n\t\t\t\t\t<\/div>\n\t\t\t\t<\/footer>\n\t\t\t\t<\/div>","protected":false},"excerpt":{"rendered":"<p>El deporte, la recreaci\u00f3n y las actividades culturales y art\u00edsticas son esenciales para la calidad de vida, la salud f\u00edsica y mental, y el desarrollo integral. Implementadas desde una edad temprana, estas actividades permiten a los ni\u00f1os y j\u00f3venes del Colegio Waldorf Isolda Echavarr\u00eda, a partir de los 7 a\u00f1os, desarrollar habilidades motrices, cognitivas y emocionales vitales para su vida cotidiana y su proyecto de vida.<\/p>","protected":false},"author":1,"featured_media":1427,"comment_status":"open","ping_status":"open","sticky":false,"template":"elementor_header_footer","format":"standard","meta":{"footnotes":"","_links_to":"","_links_to_target":""},"categories":[4],"tags":[],"class_list":["post-1568","post","type-post","status-publish","format-standard","has-post-thumbnail","hentry","category-noticias"],"_links":{"self":[{"href":"https:\/\/waldorfisolda.edu.co\/en\/wp-json\/wp\/v2\/posts\/1568","targetHints":{"allow":["GET"]}}],"collection":[{"href":"https:\/\/waldorfisolda.edu.co\/en\/wp-json\/wp\/v2\/posts"}],"about":[{"href":"https:\/\/waldorfisolda.edu.co\/en\/wp-json\/wp\/v2\/types\/post"}],"author":[{"embeddable":true,"href":"https:\/\/waldorfisolda.edu.co\/en\/wp-json\/wp\/v2\/users\/1"}],"replies":[{"embeddable":true,"href":"https:\/\/waldorfisolda.edu.co\/en\/wp-json\/wp\/v2\/comments?post=1568"}],"version-history":[{"count":10,"href":"https:\/\/waldorfisolda.edu.co\/en\/wp-json\/wp\/v2\/posts\/1568\/revisions"}],"predecessor-version":[{"id":1754,"href":"https:\/\/waldorfisolda.edu.co\/en\/wp-json\/wp\/v2\/posts\/1568\/revisions\/1754"}],"wp:featuredmedia":[{"embeddable":true,"href":"https:\/\/waldorfisolda.edu.co\/en\/wp-json\/wp\/v2\/media\/1427"}],"wp:attachment":[{"href":"https:\/\/waldorfisolda.edu.co\/en\/wp-json\/wp\/v2\/media?parent=1568"}],"wp:term":[{"taxonomy":"category","embeddable":true,"href":"https:\/\/waldorfisolda.edu.co\/en\/wp-json\/wp\/v2\/categories?post=1568"},{"taxonomy":"post_tag","embeddable":true,"href":"https:\/\/waldorfisolda.edu.co\/en\/wp-json\/wp\/v2\/tags?post=1568"}],"curies":[{"name":"wp","href":"https:\/\/api.w.org\/{rel}","templated":true}]}}